{"id":1144,"date":"2015-01-27T20:29:58","date_gmt":"2015-01-27T19:29:58","guid":{"rendered":"http:\/\/www.brazilbabyaffair.org\/?p=1144"},"modified":"2015-03-01T11:27:15","modified_gmt":"2015-03-01T10:27:15","slug":"ong-evento-direito-a-identidade","status":"publish","type":"post","link":"https:\/\/www.brazilbabyaffair.org\/pt-br\/2015\/01\/27\/ong-evento-direito-a-identidade\/","title":{"rendered":"ONG Evento &#8216;Direito \u00e0 Identidade&#8217;"},"content":{"rendered":"<p>No dia 10 de fevereiro, um advogado su\u00ed\u00e7o, um defensor dos direitos humanos brasileiro e uma documentarista dos EUA compartilharam suas experi\u00eancias sobre o Direito \u00e0 Identidade. Leia mais sobre o evento <a title=\"ONG Evento \u2018Direito \u00e0 Identidade\u2019 \u2013 10 fevereiro\" href=\"http:\/\/www.brazilbabyaffair.org\/pt-br\/publicacoes-recursos\/palestras-apresentacoes\/ong-evento-direito-a-identidade-zurique\/\">aqui<\/a>.<\/p>\n","protected":false},"excerpt":{"rendered":"<p>No dia 10 de fevereiro, um advogado su\u00ed\u00e7o, um defensor dos direitos humanos brasileiro e uma documentarista dos EUA compartilharam suas experi\u00eancias sobre o Direito \u00e0 Identidade. Leia mais sobre o evento aqui.<\/p>\n","protected":false},"author":1,"featured_media":1147,"comment_status":"closed","ping_status":"closed","sticky":false,"template":"","format":"standard","meta":{"jetpack_post_was_ever_published":false,"_jetpack_newsletter_access":"","_jetpack_dont_email_post_to_subs":false,"_jetpack_newsletter_tier_id":0,"_jetpack_memberships_contains_paywalled_content":false,"_jetpack_memberships_contains_paid_content":false,"footnotes":""},"categories":[96283340],"tags":[],"class_list":{"0":"post-1144","1":"post","2":"type-post","3":"status-publish","4":"format-standard","5":"has-post-thumbnail","7":"category-noticias","8":"h-entry","9":"hentry","10":"no-comments"},"jetpack_featured_media_url":"https:\/\/www.brazilbabyaffair.org\/wp-content\/uploads\/2015\/01\/Homepage_Banner_ONG.png","jetpack_shortlink":"https:\/\/wp.me\/p59dNp-is","jetpack_sharing_enabled":true,"_links":{"self":[{"href":"https:\/\/www.brazilbabyaffair.org\/pt-br\/wp-json\/wp\/v2\/posts\/1144","targetHints":{"allow":["GET"]}}],"collection":[{"href":"https:\/\/www.brazilbabyaffair.org\/pt-br\/wp-json\/wp\/v2\/posts"}],"about":[{"href":"https:\/\/www.brazilbabyaffair.org\/pt-br\/wp-json\/wp\/v2\/types\/post"}],"author":[{"embeddable":true,"href":"https:\/\/www.brazilbabyaffair.org\/pt-br\/wp-json\/wp\/v2\/users\/1"}],"replies":[{"embeddable":true,"href":"https:\/\/www.brazilbabyaffair.org\/pt-br\/wp-json\/wp\/v2\/comments?post=1144"}],"version-history":[{"count":3,"href":"https:\/\/www.brazilbabyaffair.org\/pt-br\/wp-json\/wp\/v2\/posts\/1144\/revisions"}],"predecessor-version":[{"id":1208,"href":"https:\/\/www.brazilbabyaffair.org\/pt-br\/wp-json\/wp\/v2\/posts\/1144\/revisions\/1208"}],"wp:featuredmedia":[{"embeddable":true,"href":"https:\/\/www.brazilbabyaffair.org\/pt-br\/wp-json\/wp\/v2\/media\/1147"}],"wp:attachment":[{"href":"https:\/\/www.brazilbabyaffair.org\/pt-br\/wp-json\/wp\/v2\/media?parent=1144"}],"wp:term":[{"taxonomy":"category","embeddable":true,"href":"https:\/\/www.brazilbabyaffair.org\/pt-br\/wp-json\/wp\/v2\/categories?post=1144"},{"taxonomy":"post_tag","embeddable":true,"href":"https:\/\/www.brazilbabyaffair.org\/pt-br\/wp-json\/wp\/v2\/tags?post=1144"}],"curies":[{"name":"wp","href":"https:\/\/api.w.org\/{rel}","templated":true}]}}